{"id":5526,"date":"2023-08-18T15:14:37","date_gmt":"2023-08-18T13:14:37","guid":{"rendered":"https:\/\/old.zdravlje.co.rs\/dragana-grujic-stosic-se-pridruzuje-timu-zdravlja-leskovac-na-poziciji-menadzera-marketinga\/"},"modified":"2023-08-27T20:14:12","modified_gmt":"2023-08-27T18:14:12","slug":"dragana-grujic-stosic-se-pridruzuje-timu-zdravlja-leskovac-na-poziciji-menadzera-marketinga","status":"publish","type":"post","link":"https:\/\/old.zdravlje.co.rs\/sr\/dragana-grujic-stosic-se-pridruzuje-timu-zdravlja-leskovac-na-poziciji-menadzera-marketinga\/","title":{"rendered":"Dragana Gruji\u0107 Sto\u0161i\u0107 se pridru\u017euje timu Zdravlja Leskovac na poziciji Menad\u017eera marketinga"},"content":{"rendered":"<p>Zdravlje sa posebnim zadovoljstvom objavljuje da se od 16. avgusta 2023. godine, na\u0161em komercijalnom timu Zdravlja pridru\u017eila Dragana Gruji\u0107 Sto\u0161i\u0107, na poziciji Menad\u017eera marketinga, na kojoj \u0107e biti odgovorna za vo\u0111enje na\u0161eg tima menad\u017eera proizvoda i razvoj ekspertize na\u0161eg strate\u0161kog marketinga kako bi se obezbedilo ostvarivanje ciljnog rasta. Dragana \u0107e direktno odgovarati Dmitriju Sovetkinu, komercijalnom direktoru.<\/p>\n<p>Draga<img loading=\"lazy\" decoding=\"async\" class=\" wp-image-5454 alignleft\" src=\"https:\/\/old.zdravlje.co.rs\/wp-content\/uploads\/2023\/08\/Dragana-Grujic-Stosic-Bela-crop-640x772.jpg\" alt=\"\" width=\"302\" height=\"364\" srcset=\"https:\/\/old.zdravlje.co.rs\/wp-content\/uploads\/2023\/08\/Dragana-Grujic-Stosic-Bela-crop-640x772.jpg 640w, https:\/\/old.zdravlje.co.rs\/wp-content\/uploads\/2023\/08\/Dragana-Grujic-Stosic-Bela-crop-320x386.jpg 320w, https:\/\/old.zdravlje.co.rs\/wp-content\/uploads\/2023\/08\/Dragana-Grujic-Stosic-Bela-crop.jpg 977w\" sizes=\"auto, (max-width: 302px) 100vw, 302px\" \/>na je diplomirala na Medicinskom fakultetu Univerziteta u Ni\u0161u kao doktor medicine i uspe\u0161no zavr\u0161ila specijalizaciju u oblasti klini\u010dke farmakologije stekav\u0161i stru\u010dna znanja kao farmakolog.<\/p>\n<p>Dragana donosi vredna iskustva iz oblasti komercijale i marketinga koje je stekla tokom 17 godina rada u Actavis d.o.o. u Srbiji, sada u sastavu kompanije Teva, kao menad\u017eer proizvoda i Senior Product Manager za\u00a0 \u201cspeciality\u201d portfolio, uklju\u010duju\u0107i i pet godina iskustva i kontakata koje je stekla kao medicinski predstavnihk za CVS portfolio. Pre toga, volontirala je kao lekar na Kardiologiji, Intenzivnoj nezi, ER i Neurologiji Op\u0161te bolnice Leskovac i radila kao lekar op\u0161te prakse i profesor grupe medicinskih predmeta u Medicinskoj \u0161koli u Leskovcu.<\/p>\n<p>Dragana donosi vredna iskustva iz oblasti komercijale i marketinga koje je stekla tokom 17 godina rada u Actavis d.o.o. u Srbiji, sada u sastavu kompanije Teva, kao menad\u017eer proizvoda i Senior Product Manager za\u00a0 \u201cspeciality\u201d portfolio, uklju\u010duju\u0107i i pet godina iskustva i kontakata koje je stekla kao medicinski predstavnihk za CVS portfolio. Pre toga, volontirala je kao lekar na Kardiologiji, Intenzivnoj nezi, ER i Neurologiji Op\u0161te bolnice Leskovac i radila kao lekar op\u0161te prakse i profesor grupe medicinskih predmeta u Medicinskoj \u0161koli u Leskovcu.<\/p>\n<p>Komentari\u0161u\u0107i svoj dolazak u na\u0161 komercijalni tim, Dragana je prenela iskreno zadovoljstvo i entuzijazam: \u201eVeliko mi je zadovoljstvo da sam postala deo tima Zdravlja, kompanije koju poznajem i cenim \u010ditavog \u017eivota kao poznati brend sa potvr\u0111enom tradicijom i kvalitetom. Zahvaljujem na pru\u017eenoj prilici i poverenju da \u00a0kroz saradnju i razmenu znanja i iskustava sa mojim kolegama zajedni\u010dkim snagama stvaramo, razvijamo i ostvarujemo nove ideje\u201d.<\/p>\n<p>\u201eDragana donosi vredna znanja, profesionalno iskustvo i entuzijazam u na\u0161u Komercijalnu organizaciju. \u017delimo joj dobrodo\u0161licu u tim i puno uspeha u razvoju \u00a0strate\u0161kog marketinga\u00a0 sve sna\u017enijeg portoflija Kompanije, kao i u obezbe\u0111ivanju na\u0161eg budu\u0107eg rasta\u201c, rekao je Dmitriy Sovetkin, komercijalni direktor.<\/p>\n<p>Dragani \u017eelimo srda\u010dnu dobrodo\u0161licu u tim i sve najbolje u njenoj novoj ulozi u Zdravlju.<\/p>\n","protected":false},"excerpt":{"rendered":"<p>Zdravlje sa posebnim zadovoljstvom objavljuje da se od 16. avgusta 2023. godine, na\u0161em komercijalnom timu Zdravlja pridru\u017eila Dragana Gruji\u0107 Sto\u0161i\u0107, na poziciji Menad\u017eera marketinga, na kojoj \u0107e biti odgovorna za vo\u0111enje na\u0161eg tima menad\u017eera proizvoda i razvoj ekspertize na\u0161eg strate\u0161kog marketinga kako bi se obezbedilo ostvarivanje ciljnog rasta. Dragana \u0107e direktno odgovarati Dmitriju Sovetkinu, komercijalnom direktoru.<\/p>\n","protected":false},"author":1,"featured_media":5404,"comment_status":"closed","ping_status":"closed","sticky":false,"template":"","format":"standard","meta":{"footnotes":""},"categories":[50],"tags":[],"class_list":["post-5526","post","type-post","status-publish","format-standard","has-post-thumbnail","hentry","category-vesti"],"_links":{"self":[{"href":"https:\/\/old.zdravlje.co.rs\/sr\/wp-json\/wp\/v2\/posts\/5526","targetHints":{"allow":["GET"]}}],"collection":[{"href":"https:\/\/old.zdravlje.co.rs\/sr\/wp-json\/wp\/v2\/posts"}],"about":[{"href":"https:\/\/old.zdravlje.co.rs\/sr\/wp-json\/wp\/v2\/types\/post"}],"author":[{"embeddable":true,"href":"https:\/\/old.zdravlje.co.rs\/sr\/wp-json\/wp\/v2\/users\/1"}],"replies":[{"embeddable":true,"href":"https:\/\/old.zdravlje.co.rs\/sr\/wp-json\/wp\/v2\/comments?post=5526"}],"version-history":[{"count":1,"href":"https:\/\/old.zdravlje.co.rs\/sr\/wp-json\/wp\/v2\/posts\/5526\/revisions"}],"predecessor-version":[{"id":5564,"href":"https:\/\/old.zdravlje.co.rs\/sr\/wp-json\/wp\/v2\/posts\/5526\/revisions\/5564"}],"wp:featuredmedia":[{"embeddable":true,"href":"https:\/\/old.zdravlje.co.rs\/sr\/wp-json\/wp\/v2\/media\/5404"}],"wp:attachment":[{"href":"https:\/\/old.zdravlje.co.rs\/sr\/wp-json\/wp\/v2\/media?parent=5526"}],"wp:term":[{"taxonomy":"category","embeddable":true,"href":"https:\/\/old.zdravlje.co.rs\/sr\/wp-json\/wp\/v2\/categories?post=5526"},{"taxonomy":"post_tag","embeddable":true,"href":"https:\/\/old.zdravlje.co.rs\/sr\/wp-json\/wp\/v2\/tags?post=5526"}],"curies":[{"name":"wp","href":"https:\/\/api.w.org\/{rel}","templated":true}]}}