{"id":5531,"date":"2023-04-10T13:57:06","date_gmt":"2023-04-10T11:57:06","guid":{"rendered":"https:\/\/old.zdravlje.co.rs\/znacajne-promocije-u-menadzmentu-zdravlja\/"},"modified":"2023-08-27T20:15:15","modified_gmt":"2023-08-27T18:15:15","slug":"znacajne-promocije-u-menadzmentu-zdravlja","status":"publish","type":"post","link":"https:\/\/old.zdravlje.co.rs\/sr\/znacajne-promocije-u-menadzmentu-zdravlja\/","title":{"rendered":"Zna\u010dajne promocije u Menad\u017ementu Zdravlja"},"content":{"rendered":"<p>Sa posebnim zadovoljstvom \u017eelimo da obavestimo o va\u017enim promocijama u na\u0161em timu Menad\u017ementa Zdravlja. Od 1. aprila na istaknutu poziciju u okviru operacija fabrike Zdravlje AD Leskovac, kao Vi\u0161i direktor fabrike, postavljen je Du\u0161an Cvetanovi\u0107, iskusni i potvr\u0111eni lider u svim klju\u010dnim segmentima na\u0161ih proizvodnih operacija.<\/p>\n<p>Od 1. aprila, Du\u0161an Cvetanovic\u0301, iskusan i dokazan lider u klju\u010dnim segmentima poslovanja na\u0161e proizvodnje, postavljen je na istaknuto mesto u okviru Operativnog pogona Zdravlje AD Leskovac, za vi\u0161eg direktora.<\/p>\n<p><img loading=\"lazy\" decoding=\"async\" class=\" wp-image-5477 alignleft\" src=\"https:\/\/old.zdravlje.co.rs\/wp-content\/uploads\/2023\/04\/Dusan-Cvetanovic-640x843.jpg\" alt=\"\" width=\"313\" height=\"412\" srcset=\"https:\/\/old.zdravlje.co.rs\/wp-content\/uploads\/2023\/04\/Dusan-Cvetanovic-640x843.jpg 640w, https:\/\/old.zdravlje.co.rs\/wp-content\/uploads\/2023\/04\/Dusan-Cvetanovic-320x422.jpg 320w, https:\/\/old.zdravlje.co.rs\/wp-content\/uploads\/2023\/04\/Dusan-Cvetanovic.jpg 800w\" sizes=\"auto, (max-width: 313px) 100vw, 313px\" \/><\/p>\n<p>Du\u0161an je kao diplomirani in\u017eenjer organsko-hemijske tehnologije i polimernog in\u017eenjerstva do\u0161ao u tim Zdravlja juna 1996. godine. Sticao je profesionalna i rukovode\u0107a iskustva rade\u0107i na poslovima rukovodioca Pogona \u010dvrstih preparata i pakovanja, a zatim i menad\u017eera proizvodnje \u010dvrstih formi u Sektoru proizvodnje. Od novembra 2017. godine je bio na poziciji vi\u0161eg menad\u017eera u Pogonu proizvodnje \u010dvrstih formi, a od aprila 2018. godine unapre\u0111en je na vode\u0107u poziciju kao direktor proizvodnje. Juna 2019. godine je zavr\u0161io specijalizaciju za Industrijsku farmaciju na Farmaceutskom fakultetu u Beogradu. Od 1. aprila 2023, sa ovom promocijom na poziciju vi\u0161eg direktora fabrike Du\u0161an \u0107e preuzeti odgovornosti vi\u0161eg predstavnika na\u0161ih proizvodnijh operacija u fabrici, uklju\u010duju\u0107i Proizvodnju, Pakovanje, In\u017eenjering i Za\u0161titu \u017eivotne sredine, zdravlje i bezbednost na radu (EHS).<\/p>\n<p>Du\u0161an \u0107e rukovoditi aktivnostima u fabrici, uklju\u010duju\u0107i ukupno poslovanje sektora Proizvodnje, In\u017eenjeringa, EHS slu\u017ebe, kao i upravljanja ljudima, bud\u017eetom, odnosima sa zainteresovanim stranama (partnerima, predstavnicima dr\u017eavnih institucija) preuzimaju\u0107i ulogu doma\u0107ina i zvani\u010dnog predstavnika fabrika Zdravlje u Leskovcu.<\/p>\n<p>U poslovnom smislu, Du\u0161an \u0107e raditi na podizanju produktivnosti, efikasnosti i po\u0161tovanju bud\u017eeta i bi\u0107e odgovoran da obezbedi da na\u0161e proizvodne operacije budu maksimalno efikasne i produktivne u svakom trenutku. U saradnji sa na\u0161im odgovaraju\u0107im timovima, radi\u0107e na realizaciji CAPEX-a i odr\u017eivom razvoju poslovanja u u skladu sa na\u0161om EHS politikom u Zdravlju.<\/p>\n<p>Du\u0161an \u0107e tehni\u010dki odgovarati Gul Akin, Chief Technical Officer, uz direktnu i strate\u0161ku liniju odgovornosti prema generalnom direktoru Kirenu Naidoo-u.<\/p>\n<p>Jo\u0161 jedna zna\u010dajna promocija od 1. aprila ove godine, odnosi se na novu poslovnu funkciju u na\u0161em Menad\u017ementu koju \u0107e voditi Rada Stavri\u0107, Key Account Lider.<\/p>\n<p><img loading=\"lazy\" decoding=\"async\" class=\" wp-image-5480 alignleft\" src=\"https:\/\/old.zdravlje.co.rs\/wp-content\/uploads\/2023\/04\/Rada-Stavric-640x843.jpg\" alt=\"\" width=\"320\" height=\"422\" srcset=\"https:\/\/old.zdravlje.co.rs\/wp-content\/uploads\/2023\/04\/Rada-Stavric-640x843.jpg 640w, https:\/\/old.zdravlje.co.rs\/wp-content\/uploads\/2023\/04\/Rada-Stavric-320x422.jpg 320w, https:\/\/old.zdravlje.co.rs\/wp-content\/uploads\/2023\/04\/Rada-Stavric.jpg 800w\" sizes=\"auto, (max-width: 320px) 100vw, 320px\" \/><\/p>\n<p>Rada je u timu Zdravlja od juna 2006. godine, kada je kao diplomirani farmaceut krenula sa radom na poslovima istra\u017eiva\u010da u Odeljenju farmaceutske tehnologije u Centru za istra\u017eivanje i razvoj, gde se i profesionalno razvijala rade\u0107i na pozicijama istra\u017eiva\u010da reformulacije i razvoja novih tehnologija i formulatora. Od aprila 2010. godine radila je kao specijalista transfera i optimizacije procesa, uz \u0161irenje znanja \u00a0(aprila 2013. godine zavr\u0161ila je specijalisti\u010dke akademske studije, drugog stepena i stekla zvanje specijaliste farmacije) kao i profesionalnih iskustava u okviru tehni\u010dke podr\u0161ke i transfera i farmaceutske tehnologije sve do 2014. godine, kada je unapre\u0111ena na poziciju menad\u017eer kontinualnog unapre\u0111enja u Sektoru farmaceutske tehnologije.<\/p>\n<p>Svoja stru\u010dna i profesionalna iskustva i znanja Rada je nastavila da razvija od 2018. godine, najpre kao ekspert kontinualnog unapre\u0111enja i procesa, preko uloge OPEX Sajt Lidera (2020) do pozicije Sr Site OPEX Lidera na koju je unapre\u0111ena od 1. aprila 2021. godine, od prvog dana poslovanja Zdravlja kao samostalne farmaceutske kompanije.<\/p>\n<p>Radine klju\u010dne odgovornosti na novoj poziciji Key Account Lidera, bi\u0107e vezane za upravljanje \u00a0i proaktivno vo\u0111enje aktivnosti sa na\u0161im klju\u010dnim klijentima po\u010dev od prvih kontakata do momenta po\u010detka komercijalne proizvodnje, projekt menad\u017ement, tehni\u010dkih procena ponuda i isporuka. U tom domenu, Rada \u0107e voditi n\u0161e projektne uz tesnu saradnju sa na\u0161im relevantnim sektorima.<\/p>\n<p>Radin fokus bi\u0107e tako\u0111e na transferima novih proizoda, kao i performansama i zadovoljstvu klijenata i generisanje novih poslovnih ideja, uz obezbe\u0111enje dalje opitmizacije na\u0161eg poslovnog razvoja i rasta, u \u010demu \u0107e imati klju\u010dnu saradnju sa Tsvetomirom Yordanovim, na\u0161im direktorom Poslovnog razvoja<\/p>\n<p>Rada \u0107e u svakodnevnim poslovnim aktivnostima imati redovnu komunikaciju i otvorenu liniju sa Gul Akin, dok \u0107e formalno i direktno raportirati generalnom Kirenu Naidoo-u.<\/p>\n<p>Du\u0161anu i Radi \u010destitamo na zaslu\u017eenim unapre\u0111enjima i \u017eelimo im, kao i svim njihovim saradnicima, puno uspeha u novim ulogama.<\/p>\n","protected":false},"excerpt":{"rendered":"<p>Sa posebnim zadovoljstvom \u017eelimo da obavestimo o va\u017enim promocijama u na\u0161em timu Menad\u017ementa Zdravlja. Od 1. aprila na istaknutu poziciju u okviru operacija fabrike Zdravlje AD Leskovac, kao Vi\u0161i direktor fabrike, postavljen je Du\u0161an Cvetanovi\u0107, iskusni i potvr\u0111eni lider u svim klju\u010dnim segmentima na\u0161ih proizvodnih operacija.<\/p>\n","protected":false},"author":4,"featured_media":5404,"comment_status":"closed","ping_status":"closed","sticky":false,"template":"","format":"standard","meta":{"footnotes":""},"categories":[50],"tags":[],"class_list":["post-5531","post","type-post","status-publish","format-standard","has-post-thumbnail","hentry","category-vesti"],"_links":{"self":[{"href":"https:\/\/old.zdravlje.co.rs\/sr\/wp-json\/wp\/v2\/posts\/5531","targetHints":{"allow":["GET"]}}],"collection":[{"href":"https:\/\/old.zdravlje.co.rs\/sr\/wp-json\/wp\/v2\/posts"}],"about":[{"href":"https:\/\/old.zdravlje.co.rs\/sr\/wp-json\/wp\/v2\/types\/post"}],"author":[{"embeddable":true,"href":"https:\/\/old.zdravlje.co.rs\/sr\/wp-json\/wp\/v2\/users\/4"}],"replies":[{"embeddable":true,"href":"https:\/\/old.zdravlje.co.rs\/sr\/wp-json\/wp\/v2\/comments?post=5531"}],"version-history":[{"count":1,"href":"https:\/\/old.zdravlje.co.rs\/sr\/wp-json\/wp\/v2\/posts\/5531\/revisions"}],"predecessor-version":[{"id":5565,"href":"https:\/\/old.zdravlje.co.rs\/sr\/wp-json\/wp\/v2\/posts\/5531\/revisions\/5565"}],"wp:featuredmedia":[{"embeddable":true,"href":"https:\/\/old.zdravlje.co.rs\/sr\/wp-json\/wp\/v2\/media\/5404"}],"wp:attachment":[{"href":"https:\/\/old.zdravlje.co.rs\/sr\/wp-json\/wp\/v2\/media?parent=5531"}],"wp:term":[{"taxonomy":"category","embeddable":true,"href":"https:\/\/old.zdravlje.co.rs\/sr\/wp-json\/wp\/v2\/categories?post=5531"},{"taxonomy":"post_tag","embeddable":true,"href":"https:\/\/old.zdravlje.co.rs\/sr\/wp-json\/wp\/v2\/tags?post=5531"}],"curies":[{"name":"wp","href":"https:\/\/api.w.org\/{rel}","templated":true}]}}