{"id":5532,"date":"2023-02-22T15:55:13","date_gmt":"2023-02-22T14:55:13","guid":{"rendered":"https:\/\/old.zdravlje.co.rs\/dr-milan-popovic-menadzer-prodaje-pridruzuje-se-komercijalnoj-diviziji-zdravlja-ad\/"},"modified":"2023-02-22T15:55:13","modified_gmt":"2023-02-22T14:55:13","slug":"dr-milan-popovic-menadzer-prodaje-pridruzuje-se-komercijalnoj-diviziji-zdravlja-ad","status":"publish","type":"post","link":"https:\/\/old.zdravlje.co.rs\/sr\/dr-milan-popovic-menadzer-prodaje-pridruzuje-se-komercijalnoj-diviziji-zdravlja-ad\/","title":{"rendered":"Dr Milan Popovi\u0107, menad\u017eer prodaje, pridru\u017euje se Komercijalnoj diviziji Zdravlja AD"},"content":{"rendered":"<p><img loading=\"lazy\" decoding=\"async\" class=\" wp-image-5483 alignleft\" src=\"https:\/\/old.zdravlje.co.rs\/wp-content\/uploads\/2023\/02\/milan-popovic-zdravlje-menadzer-prodaje-640x820.jpeg\" alt=\"\" width=\"337\" height=\"432\" srcset=\"https:\/\/old.zdravlje.co.rs\/wp-content\/uploads\/2023\/02\/milan-popovic-zdravlje-menadzer-prodaje-640x820.jpeg 640w, https:\/\/old.zdravlje.co.rs\/wp-content\/uploads\/2023\/02\/milan-popovic-zdravlje-menadzer-prodaje-320x410.jpeg 320w, https:\/\/old.zdravlje.co.rs\/wp-content\/uploads\/2023\/02\/milan-popovic-zdravlje-menadzer-prodaje.jpeg 800w\" sizes=\"auto, (max-width: 337px) 100vw, 337px\" \/><\/p>\n<p>Zdravlje sa izuzetnim zadovoljstvom objavljuje da se od 10. februara 2023. godine, na\u0161em timu pridru\u017eio Dr Milan Popovi\u0107 na poziciji Menad\u017eera prodaje. Milan \u0107e voditi na\u0161 tim Prodaje i blisko sara\u0111ivati sa ostatkom komercijalnog tima Zdravlja u na\u0161oj kancelariji u Beogradu.<\/p>\n<p>Milan je kao doktor medicine diplomirao na Medicinskom fakultetu Univerziteta u Beogradu i gradio je svoju profesionalnu karijeru u komercijalnom poslovanju u kompaniji Nobel Ilac, gde je stekao vredna iskustva rade\u0107i na poslovima od medicinskog predstavnika, preko Area menad\u017eera do Key Account menad\u017eera. \u00a0Milan u na\u0161 tim donosi svoj entuzijazam i ekspertizu u komercijalnim i prodajnim aktivnostima, kao i u domenu saradnje sa zdravstvenim radnicima i dr\u017eavnim ustanovama. Izuzetno nam je drago zbog njegove odluke da svoj profesionalni razvoj nastavi u Zdravlju.<\/p>\n<p>Milan \u0107e raditi iz predstavni\u0161tva Zdravlja u Beogradu i bi\u0107e odgovoran za klju\u010dne komercijalne aktivnosti uklju\u010duju\u0107i: razvoj i upravljanje na\u0161om strategijom prodaje, evaluaciju novih proizvoda, istra\u017eivanje i segmentaciju tr\u017ei\u0161ta. Tako\u0111e \u0107e biti odgovoran za Key Opinion Leader (KOL)\u00a0 menad\u017ement, launch i pre-launch aktivnosti i komunikaciju sa na\u0161im eksternim partnerima.<\/p>\n<p>\u201eMilan donosi vredna znanja, iskustvo i profesionalizam u na\u0161u organizaciju. \u017delimo mu dobrodo\u0161licu kao jednom od klju\u010dnih \u010dlanova Komercijalnog tima Zdravlja, jedne od vode\u0107ih farmaceutskih kompanija u regionu,\u201c rekla je Tamara Vasojevi\u0107, direktor ljudskih resursa grupe u Zdravlju.<\/p>\n<p>Izra\u017eavaju\u0107i zahvalnost na toploj dobrodo\u0161lici u tim, Dr Milan Popovi\u0107 je rekao: \u201eVelika mi je \u010dast i privilegija da postanem \u010dlan tima Zdravlja i da mogu da doprinesem uspe\u0161noj 70-godi\u0161njoj tradiciji pru\u017eanja vrhunskog kvaliteta proizvoda i usluga za pacijente! \u00a0Zaista sam sre\u0107an jer sam deo ovog velikog tima i iskreno se radujem na\u0161oj uspe\u0161noj saradnji.\u201d<\/p>\n<p>Molimo da se pridru\u017eite srda\u010dnoj dobrodo\u0161lici Milanu u na\u0161 tim, uz \u017eelje za puno uspeha u radu.<\/p>\n","protected":false},"excerpt":{"rendered":"<p>Zdravlje sa izuzetnim zadovoljstvom objavljuje da se od 10. februara 2023. godine, na\u0161em timu pridru\u017eio Dr Milan Popovi\u0107 na poziciji Menad\u017eera prodaje. Milan \u0107e voditi na\u0161 tim Prodaje i blisko sara\u0111ivati sa ostatkom komercijalnog tima Zdravlja u na\u0161oj kancelariji u Beogradu.<\/p>\n","protected":false},"author":4,"featured_media":5404,"comment_status":"closed","ping_status":"closed","sticky":false,"template":"","format":"standard","meta":{"footnotes":""},"categories":[50],"tags":[],"class_list":["post-5532","post","type-post","status-publish","format-standard","has-post-thumbnail","hentry","category-vesti"],"_links":{"self":[{"href":"https:\/\/old.zdravlje.co.rs\/sr\/wp-json\/wp\/v2\/posts\/5532","targetHints":{"allow":["GET"]}}],"collection":[{"href":"https:\/\/old.zdravlje.co.rs\/sr\/wp-json\/wp\/v2\/posts"}],"about":[{"href":"https:\/\/old.zdravlje.co.rs\/sr\/wp-json\/wp\/v2\/types\/post"}],"author":[{"embeddable":true,"href":"https:\/\/old.zdravlje.co.rs\/sr\/wp-json\/wp\/v2\/users\/4"}],"replies":[{"embeddable":true,"href":"https:\/\/old.zdravlje.co.rs\/sr\/wp-json\/wp\/v2\/comments?post=5532"}],"version-history":[{"count":0,"href":"https:\/\/old.zdravlje.co.rs\/sr\/wp-json\/wp\/v2\/posts\/5532\/revisions"}],"wp:featuredmedia":[{"embeddable":true,"href":"https:\/\/old.zdravlje.co.rs\/sr\/wp-json\/wp\/v2\/media\/5404"}],"wp:attachment":[{"href":"https:\/\/old.zdravlje.co.rs\/sr\/wp-json\/wp\/v2\/media?parent=5532"}],"wp:term":[{"taxonomy":"category","embeddable":true,"href":"https:\/\/old.zdravlje.co.rs\/sr\/wp-json\/wp\/v2\/categories?post=5532"},{"taxonomy":"post_tag","embeddable":true,"href":"https:\/\/old.zdravlje.co.rs\/sr\/wp-json\/wp\/v2\/tags?post=5532"}],"curies":[{"name":"wp","href":"https:\/\/api.w.org\/{rel}","templated":true}]}}