{"id":5537,"date":"2022-09-29T17:54:49","date_gmt":"2022-09-29T15:54:49","guid":{"rendered":"https:\/\/old.zdravlje.co.rs\/zdravlje-leskovac-na-serbia-business-run-trci-u-beogradu\/"},"modified":"2022-09-29T17:54:49","modified_gmt":"2022-09-29T15:54:49","slug":"zdravlje-leskovac-na-serbia-business-run-trci-u-beogradu","status":"publish","type":"post","link":"https:\/\/old.zdravlje.co.rs\/sr\/zdravlje-leskovac-na-serbia-business-run-trci-u-beogradu\/","title":{"rendered":"Zdravlje Leskovac na \u201cSerbia Business Run\u201d trci u Beogradu"},"content":{"rendered":"<p><strong>Radimo, tr\u010dimo, u\u017eivamo ZAJEDNO<\/strong><\/p>\n<p>Zdravlje Leskovac je 29. septembra po prvi put u\u010destvovalo na velikoj \u201eSerbia Business Run\u201c trci u Beogradu. Ova manifestacija, koja ima za cilj promovisanje zdravih \u017eivotnih stilova i promociju tr\u010danja kao otpimalnog na\u010dina rekreacije za modernog zaposlenog \u010doveka, predstavlja seriju poslovnih trka na 5 km, koje se odr\u017eavaju u najve\u0107im poslovnim centrima Srbije i predstavljaju najve\u0107i sportsko-kompanijski doga\u0111aj u na\u0161oj zemlji. Projekat okuplja 10.000 zaposlenih iz vi\u0161e od 600 kompanija koje posluj\u00a0na teritoriji na\u0161e zemlje.<img loading=\"lazy\" decoding=\"async\" class=\" wp-image-4339 alignright\" src=\"https:\/\/old.zdravlje.co.rs\/wp-content\/uploads\/2022\/10\/zdravlje-serbian-business-forum_1-640x480.jpg\" alt=\"\" width=\"407\" height=\"305\" srcset=\"https:\/\/old.zdravlje.co.rs\/wp-content\/uploads\/2022\/10\/zdravlje-serbian-business-forum_1-640x480.jpg 640w, https:\/\/old.zdravlje.co.rs\/wp-content\/uploads\/2022\/10\/zdravlje-serbian-business-forum_1-1280x960.jpg 1280w, https:\/\/old.zdravlje.co.rs\/wp-content\/uploads\/2022\/10\/zdravlje-serbian-business-forum_1-1024x768.jpg 1024w, https:\/\/old.zdravlje.co.rs\/wp-content\/uploads\/2022\/10\/zdravlje-serbian-business-forum_1-1536x1152.jpg 1536w, https:\/\/old.zdravlje.co.rs\/wp-content\/uploads\/2022\/10\/zdravlje-serbian-business-forum_1-320x240.jpg 320w, https:\/\/old.zdravlje.co.rs\/wp-content\/uploads\/2022\/10\/zdravlje-serbian-business-forum_1.jpg 1600w\" sizes=\"auto, (max-width: 407px) 100vw, 407px\" \/><\/p>\n<p>U prvom nastupu, na poziv HR sektora, u veoma kratkom roku za prijavljivanje timova kompanija, prijavilo se sedmoro na\u0161ih zaposlenih.<\/p>\n<p>Tim Zdravlje Leskovac hrabro je istr\u010dao 5 kilometara u slede\u0107em sastavu:<\/p>\n<ul>\n<li>Jelena Jovanovi\u0107, Key Account Menad\u017eer (kapiten)<\/li>\n<li>Kiren Naidoo, Generalni direktor<\/li>\n<li>Stefan Po\u017ear, Konsultant za poslovno informacione sisteme<\/li>\n<li>Marko Matovi\u0107, Direktor pravnih poslova i kontrole uskla\u0111enosti poslovanja<\/li>\n<li>Vladimir Stevanovi\u0107, Operater sekundarnog pakovanja<\/li>\n<li>Milan Marki\u0107evi\u0107, Direktor finansija grupe<\/li>\n<li>Nikola Stoji\u0107, Tehni\u010dar QA u procesu proizvodnje i pakovanja<\/li>\n<\/ul>\n<p><img loading=\"lazy\" decoding=\"async\" class=\"alignnone wp-image-5205 size-full\" src=\"https:\/\/old.zdravlje.co.rs\/wp-content\/uploads\/2023\/07\/zdravlje-serbian-business-forum_3-scaled-1.jpg\" alt=\"\" width=\"2560\" height=\"1920\" srcset=\"https:\/\/old.zdravlje.co.rs\/wp-content\/uploads\/2023\/07\/zdravlje-serbian-business-forum_3-scaled-1.jpg 2560w, https:\/\/old.zdravlje.co.rs\/wp-content\/uploads\/2023\/07\/zdravlje-serbian-business-forum_3-scaled-1-640x480.jpg 640w, https:\/\/old.zdravlje.co.rs\/wp-content\/uploads\/2023\/07\/zdravlje-serbian-business-forum_3-scaled-1-1280x960.jpg 1280w, https:\/\/old.zdravlje.co.rs\/wp-content\/uploads\/2023\/07\/zdravlje-serbian-business-forum_3-scaled-1-1024x768.jpg 1024w, https:\/\/old.zdravlje.co.rs\/wp-content\/uploads\/2023\/07\/zdravlje-serbian-business-forum_3-scaled-1-1536x1152.jpg 1536w, https:\/\/old.zdravlje.co.rs\/wp-content\/uploads\/2023\/07\/zdravlje-serbian-business-forum_3-scaled-1-2048x1536.jpg 2048w, https:\/\/old.zdravlje.co.rs\/wp-content\/uploads\/2023\/07\/zdravlje-serbian-business-forum_3-scaled-1-320x240.jpg 320w\" sizes=\"auto, (max-width: 2560px) 100vw, 2560px\" \/><\/p>\n<p>Ovaj poduhvat tima imao je i sna\u017enu podr\u0161ku grupe zaposlenih Zdravlja iz na\u0161e kancelarije u Beogradu. Svi u\u010desnici trke su dobili medalje za uspe\u0161no zavr\u0161enu trku, a po ostvarenim vremenima najbr\u017ea tri na\u0161a trka\u010da bili su:<\/p>\n<p><strong><img loading=\"lazy\" decoding=\"async\" class=\"size-full wp-image-5203 aligncenter\" src=\"https:\/\/old.zdravlje.co.rs\/wp-content\/uploads\/2023\/07\/zdravlje-serbian-business-forum_4.png\" alt=\"\" width=\"634\" height=\"209\" srcset=\"https:\/\/old.zdravlje.co.rs\/wp-content\/uploads\/2023\/07\/zdravlje-serbian-business-forum_4.png 634w, https:\/\/old.zdravlje.co.rs\/wp-content\/uploads\/2023\/07\/zdravlje-serbian-business-forum_4-320x105.png 320w\" sizes=\"auto, (max-width: 634px) 100vw, 634px\" \/><\/strong><\/p>\n<p><strong>Posebno se zahvljujemo kolegama koji su do\u0161li iz Leskovca da se priklju\u010de trci i \u010destitke Vladimiru na najuspe\u0161nijem rezultatu! \u010cestitke svakako idu i celom timu Zdravlja, uvereni da \u0107emo do narednih trka biti jo\u0161 brojniji i br\u017ei.<\/strong><\/p>\n","protected":false},"excerpt":{"rendered":"<p>Zdravlje Leskovac je 29. septembra po prvi put u\u010destvovalo na velikoj \u201eSerbia Business Run\u201c trci u Beogradu. Ova manifestacija, koja ima za cilj promovisanje zdravih \u017eivotnih stilova i promociju tr\u010danja kao otpimalnog na\u010dina rekreacije za modernog zaposlenog \u010doveka, predstavlja seriju poslovnih trka na 5 km, koje se odr\u017eavaju u najve\u0107im poslovnim centrima Srbije i predstavljaju najve\u0107i sportsko-kompanijski doga\u0111aj u na\u0161oj zemlji<\/p>\n","protected":false},"author":1,"featured_media":5440,"comment_status":"closed","ping_status":"closed","sticky":false,"template":"","format":"standard","meta":{"footnotes":""},"categories":[57,50],"tags":[],"class_list":["post-5537","post","type-post","status-publish","format-standard","has-post-thumbnail","hentry","category-dogadjaji","category-vesti"],"_links":{"self":[{"href":"https:\/\/old.zdravlje.co.rs\/sr\/wp-json\/wp\/v2\/posts\/5537","targetHints":{"allow":["GET"]}}],"collection":[{"href":"https:\/\/old.zdravlje.co.rs\/sr\/wp-json\/wp\/v2\/posts"}],"about":[{"href":"https:\/\/old.zdravlje.co.rs\/sr\/wp-json\/wp\/v2\/types\/post"}],"author":[{"embeddable":true,"href":"https:\/\/old.zdravlje.co.rs\/sr\/wp-json\/wp\/v2\/users\/1"}],"replies":[{"embeddable":true,"href":"https:\/\/old.zdravlje.co.rs\/sr\/wp-json\/wp\/v2\/comments?post=5537"}],"version-history":[{"count":0,"href":"https:\/\/old.zdravlje.co.rs\/sr\/wp-json\/wp\/v2\/posts\/5537\/revisions"}],"wp:featuredmedia":[{"embeddable":true,"href":"https:\/\/old.zdravlje.co.rs\/sr\/wp-json\/wp\/v2\/media\/5440"}],"wp:attachment":[{"href":"https:\/\/old.zdravlje.co.rs\/sr\/wp-json\/wp\/v2\/media?parent=5537"}],"wp:term":[{"taxonomy":"category","embeddable":true,"href":"https:\/\/old.zdravlje.co.rs\/sr\/wp-json\/wp\/v2\/categories?post=5537"},{"taxonomy":"post_tag","embeddable":true,"href":"https:\/\/old.zdravlje.co.rs\/sr\/wp-json\/wp\/v2\/tags?post=5537"}],"curies":[{"name":"wp","href":"https:\/\/api.w.org\/{rel}","templated":true}]}}