{"id":5556,"date":"2021-09-02T16:12:23","date_gmt":"2021-09-02T14:12:23","guid":{"rendered":"https:\/\/old.zdravlje.co.rs\/ivana-perovic-novi-clan-komercijalne-divizije-zdravlja-ad-na-poziciji-menadzera-proizvoda\/"},"modified":"2021-09-02T16:12:23","modified_gmt":"2021-09-02T14:12:23","slug":"ivana-perovic-novi-clan-komercijalne-divizije-zdravlja-ad-na-poziciji-menadzera-proizvoda","status":"publish","type":"post","link":"https:\/\/old.zdravlje.co.rs\/sr\/ivana-perovic-novi-clan-komercijalne-divizije-zdravlja-ad-na-poziciji-menadzera-proizvoda\/","title":{"rendered":"Ivana Perovi\u0107, novi \u010dlan Komercijalne divizije Zdravlja AD na poziciji Menad\u017eera proizvoda"},"content":{"rendered":"<p>Zdravlje sa izuzetnim zadovoljstvom objavljuje da se od 30. avgusta 2021. godine, na\u0161em timu pridru\u017eila Ivana Perovi\u0107, na poziciji Menad\u017eera proizvoda. Ivana \u0107e direktno odgovarati Draganu \u0106irkovi\u0107u, komercijalnom direktoru.<\/p>\n<p><img loading=\"lazy\" decoding=\"async\" class=\"alignleft wp-image-3330\" src=\"https:\/\/old.zdravlje.co.rs\/wp-content\/uploads\/2021\/09\/Ivana-Perovic-menadz\u030cer-proizvoda-Komercijala-bela-podloga_small-2-160x160.jpg\" alt=\"\" width=\"275\" height=\"300\" srcset=\"https:\/\/old.zdravlje.co.rs\/wp-content\/uploads\/2021\/09\/Ivana-Perovic-menadz\u030cer-proizvoda-Komercijala-bela-podloga_small-2-640x699.jpg 640w, https:\/\/old.zdravlje.co.rs\/wp-content\/uploads\/2021\/09\/Ivana-Perovic-menadz\u030cer-proizvoda-Komercijala-bela-podloga_small-2-320x350.jpg 320w, https:\/\/old.zdravlje.co.rs\/wp-content\/uploads\/2021\/09\/Ivana-Perovic-menadz\u030cer-proizvoda-Komercijala-bela-podloga_small-2.jpg 853w\" sizes=\"auto, (max-width: 275px) 100vw, 275px\" \/><\/p>\n<p>Ivana je diplomirala na Stomatolo\u0161kom fakultetu Univerziteta u Beogradu kao doktor stomatologije i donosi vredna komercijalna iskustva koja je stekla rade\u0107i za poznate multinacionalne farmaceutske kompanije, kao \u0161to su Sandoz, Alvogen i Hemofarm.<\/p>\n<p>Ivana \u0107e raditi iz predstavni\u0161tva Zdravlja u Beogradu i bi\u0107e odgovorna za klju\u010dne komercijalne aktivnosti, uklju\u010duju\u0107i: razvoj marketin\u0161ke strategije, evaluaciju novih proizvoda, istra\u017eivanje i segmentaciju tr\u017ei\u0161ta. Tako\u0111e \u0107e biti odgovorna za launch i pre-launch aktivnosti i komunikaciju sa eksternim partnerima, uklju\u010duju\u0107i i snabdeva\u010de i distributere.<\/p>\n<p>\u201cIzuzetno nam je drago da po\u017eelimo Ivani srda\u010dnu dobrodo\u0161licu u Tim Zdravlja. Uvereni smo da \u0107e Ivana, kao Menad\u017eer proizvoda, na najbolji na\u010din iskoristiti svoja stru\u010dna i profesionalna znanja za organizaciju i vo\u0111enje marketin\u0161kih aktivnosti Komercijalne divizije Zdravlja i obezbediti neophodnu podr\u0161ku za uspeh na\u0161ih poslovnih divizija i funkcija,\u201d rekao je Dragan \u0106irkovi\u0107, komercijalni direktor Zdravlja.<\/p>\n<p>Ivana se zahvalila na srda\u010dnoj dobrodo\u0161lici: \u201cZahvaljujem na prilici koju ste mi ukazali. Zaista sam sre\u0107na jer postajem \u010dlan tima Zdravlja. Radujem se na\u0161im novim zajedni\u010dkim izazovima i uspesima.\u201d<\/p>\n<p>Molimo da se pridru\u017eite srda\u010dnoj dobrodo\u0161lici Ivani u na\u0161 tim, uz \u017eelje za puno uspeha u radu.<\/p>\n","protected":false},"excerpt":{"rendered":"<p>Zdravlje sa izuzetnim zadovoljstvom objavljuje da se od 30. avgusta 2021. godine, na\u0161em timu pridru\u017eila Ivana Perovi\u0107, na poziciji Menad\u017eera proizvoda. Ivana \u0107e direktno odgovarati Draganu \u0106irkovi\u0107u, komercijalnom direktoru.<\/p>\n","protected":false},"author":1,"featured_media":5237,"comment_status":"closed","ping_status":"closed","sticky":false,"template":"","format":"standard","meta":{"footnotes":""},"categories":[50],"tags":[],"class_list":["post-5556","post","type-post","status-publish","format-standard","has-post-thumbnail","hentry","category-vesti"],"_links":{"self":[{"href":"https:\/\/old.zdravlje.co.rs\/sr\/wp-json\/wp\/v2\/posts\/5556","targetHints":{"allow":["GET"]}}],"collection":[{"href":"https:\/\/old.zdravlje.co.rs\/sr\/wp-json\/wp\/v2\/posts"}],"about":[{"href":"https:\/\/old.zdravlje.co.rs\/sr\/wp-json\/wp\/v2\/types\/post"}],"author":[{"embeddable":true,"href":"https:\/\/old.zdravlje.co.rs\/sr\/wp-json\/wp\/v2\/users\/1"}],"replies":[{"embeddable":true,"href":"https:\/\/old.zdravlje.co.rs\/sr\/wp-json\/wp\/v2\/comments?post=5556"}],"version-history":[{"count":0,"href":"https:\/\/old.zdravlje.co.rs\/sr\/wp-json\/wp\/v2\/posts\/5556\/revisions"}],"wp:featuredmedia":[{"embeddable":true,"href":"https:\/\/old.zdravlje.co.rs\/sr\/wp-json\/wp\/v2\/media\/5237"}],"wp:attachment":[{"href":"https:\/\/old.zdravlje.co.rs\/sr\/wp-json\/wp\/v2\/media?parent=5556"}],"wp:term":[{"taxonomy":"category","embeddable":true,"href":"https:\/\/old.zdravlje.co.rs\/sr\/wp-json\/wp\/v2\/categories?post=5556"},{"taxonomy":"post_tag","embeddable":true,"href":"https:\/\/old.zdravlje.co.rs\/sr\/wp-json\/wp\/v2\/tags?post=5556"}],"curies":[{"name":"wp","href":"https:\/\/api.w.org\/{rel}","templated":true}]}}