{"id":5557,"date":"2021-08-24T11:53:55","date_gmt":"2021-08-24T09:53:55","guid":{"rendered":"https:\/\/old.zdravlje.co.rs\/leskovacki-tandem-sa-zdravljem-na-paraolimpijskim-igrama-u-tokiju\/"},"modified":"2021-08-24T11:53:55","modified_gmt":"2021-08-24T09:53:55","slug":"leskovacki-tandem-sa-zdravljem-na-paraolimpijskim-igrama-u-tokiju","status":"publish","type":"post","link":"https:\/\/old.zdravlje.co.rs\/sr\/leskovacki-tandem-sa-zdravljem-na-paraolimpijskim-igrama-u-tokiju\/","title":{"rendered":"Leskova\u010dki tandem sa Zdravljem na Paraolimpijskim igrama u Tokiju"},"content":{"rendered":"<p><img loading=\"lazy\" decoding=\"async\" class=\"size-full wp-image-3322 alignright\" src=\"https:\/\/old.zdravlje.co.rs\/wp-content\/uploads\/2021\/08\/Hronometar-Beograd.jpg\" alt=\"\" width=\"539\" height=\"500\" srcset=\"https:\/\/old.zdravlje.co.rs\/wp-content\/uploads\/2021\/08\/Hronometar-Beograd.jpg 539w, https:\/\/old.zdravlje.co.rs\/wp-content\/uploads\/2021\/08\/Hronometar-Beograd-320x297.jpg 320w\" sizes=\"auto, (max-width: 539px) 100vw, 539px\" \/><\/p>\n<p>Ve\u0107 tradicionalno, Zdravlje je i ove godine podr\u017ealo \u010dlanove Biciklisti\u010dkog kluba Dubo\u010dica iz Leskovca,\u00a0 Milana Petrovi\u0107a i Gorana \u0160melcerovi\u0107a, koji \u0107e po drugi put braniti boje Srbije i Leskovca na Paraolimpijskim igrama u Tokiju od 24.avgusta do 5. septembra 2021. godine.<\/p>\n<p>Pred polazak za Tokio, poznati biciklisti\u010dki paraolimpijski tandem posetio je Zdravlje. Uz podr\u0161ku i \u017eelje za sre\u0107an put, dobro zdravlje i zapa\u017een sportski uspeh na olimpijskim igrama u Tokiju koje su Milanu i Goranu u ime Zdravlja preneli Mario Butijer, direktor Finansija i Ivan Kuli\u0107, direktor ljudskih resursa, leskova\u010dki biciklisti poneli su i prigodne poklone Zdravlja.<\/p>\n<p>Milan Petrovi\u0107, slepi biciklista, i Goran \u0160melcerovi\u0107, pilot-biciklista, su iskoristili priliku da se li\u010dno zahvale i istaknu zna\u010daj podr\u0161e koju Zdravlje kao dru\u0161tveno odgovorna kompanija pru\u017ea ve\u0107 nekoliko prethodnih godina, zahvaljuju\u0107i kojoj su kao tandem uspeli da ostvare normu za Paraolimpijske igre u Tokiju jo\u0161 u prvom izbornom ciklusu.<\/p>\n<p>Na osnovu tog i brojnih drugih rezultata Milan Petrovi\u0107 je 2020. godine izabran i za sportistu Grada Leskovca.<\/p>\n<p><img loading=\"lazy\" decoding=\"async\" class=\"aligncenter wp-image-3324 size-large\" src=\"https:\/\/old.zdravlje.co.rs\/wp-content\/uploads\/2021\/08\/zdravlje-podrzava-paraolimpijce-u-Tokiju-1280x423.jpg\" alt=\"\" width=\"1200\" height=\"397\" srcset=\"https:\/\/old.zdravlje.co.rs\/wp-content\/uploads\/2021\/08\/zdravlje-podrzava-paraolimpijce-u-Tokiju-1280x423.jpg 1280w, https:\/\/old.zdravlje.co.rs\/wp-content\/uploads\/2021\/08\/zdravlje-podrzava-paraolimpijce-u-Tokiju-640x212.jpg 640w, https:\/\/old.zdravlje.co.rs\/wp-content\/uploads\/2021\/08\/zdravlje-podrzava-paraolimpijce-u-Tokiju-1024x339.jpg 1024w, https:\/\/old.zdravlje.co.rs\/wp-content\/uploads\/2021\/08\/zdravlje-podrzava-paraolimpijce-u-Tokiju-1536x508.jpg 1536w, https:\/\/old.zdravlje.co.rs\/wp-content\/uploads\/2021\/08\/zdravlje-podrzava-paraolimpijce-u-Tokiju-320x106.jpg 320w, https:\/\/old.zdravlje.co.rs\/wp-content\/uploads\/2021\/08\/zdravlje-podrzava-paraolimpijce-u-Tokiju.jpg 2048w\" sizes=\"auto, (max-width: 1200px) 100vw, 1200px\" \/><\/p>\n","protected":false},"excerpt":{"rendered":"<p>Ve\u0107 tradicionalno, Zdravlje je i ove godine podr\u017ealo \u010dlanove Biciklisti\u010dkog kluba Dubo\u010dica iz Leskovca,\u00a0 Milana Petrovi\u0107a i Gorana \u0160melcerovi\u0107a, koji \u0107e po drugi put braniti boje Srbije i Leskovca na Paraolimpijskim igrama u Tokiju od 24.avgusta do 5. septembra 2021. godine.<\/p>\n","protected":false},"author":1,"featured_media":5247,"comment_status":"closed","ping_status":"closed","sticky":false,"template":"","format":"standard","meta":{"footnotes":""},"categories":[57,50],"tags":[],"class_list":["post-5557","post","type-post","status-publish","format-standard","has-post-thumbnail","hentry","category-dogadjaji","category-vesti"],"_links":{"self":[{"href":"https:\/\/old.zdravlje.co.rs\/sr\/wp-json\/wp\/v2\/posts\/5557","targetHints":{"allow":["GET"]}}],"collection":[{"href":"https:\/\/old.zdravlje.co.rs\/sr\/wp-json\/wp\/v2\/posts"}],"about":[{"href":"https:\/\/old.zdravlje.co.rs\/sr\/wp-json\/wp\/v2\/types\/post"}],"author":[{"embeddable":true,"href":"https:\/\/old.zdravlje.co.rs\/sr\/wp-json\/wp\/v2\/users\/1"}],"replies":[{"embeddable":true,"href":"https:\/\/old.zdravlje.co.rs\/sr\/wp-json\/wp\/v2\/comments?post=5557"}],"version-history":[{"count":0,"href":"https:\/\/old.zdravlje.co.rs\/sr\/wp-json\/wp\/v2\/posts\/5557\/revisions"}],"wp:featuredmedia":[{"embeddable":true,"href":"https:\/\/old.zdravlje.co.rs\/sr\/wp-json\/wp\/v2\/media\/5247"}],"wp:attachment":[{"href":"https:\/\/old.zdravlje.co.rs\/sr\/wp-json\/wp\/v2\/media?parent=5557"}],"wp:term":[{"taxonomy":"category","embeddable":true,"href":"https:\/\/old.zdravlje.co.rs\/sr\/wp-json\/wp\/v2\/categories?post=5557"},{"taxonomy":"post_tag","embeddable":true,"href":"https:\/\/old.zdravlje.co.rs\/sr\/wp-json\/wp\/v2\/tags?post=5557"}],"curies":[{"name":"wp","href":"https:\/\/api.w.org\/{rel}","templated":true}]}}