{"id":5558,"date":"2021-06-25T11:00:44","date_gmt":"2021-06-25T09:00:44","guid":{"rendered":"https:\/\/old.zdravlje.co.rs\/zdravlje-leskovac-zelena-energija-za-cistiju-zivotnu-sredinu-i-odrzivi-razvoj\/"},"modified":"2021-06-25T11:00:44","modified_gmt":"2021-06-25T09:00:44","slug":"zdravlje-leskovac-zelena-energija-za-cistiju-zivotnu-sredinu-i-odrzivi-razvoj","status":"publish","type":"post","link":"https:\/\/old.zdravlje.co.rs\/sr\/zdravlje-leskovac-zelena-energija-za-cistiju-zivotnu-sredinu-i-odrzivi-razvoj\/","title":{"rendered":"Zdravlje Leskovac \u2013 zelena energija za \u010distiju \u017eivotnu sredinu i odr\u017eivi razvoj"},"content":{"rendered":"<div class=\"page\" title=\"Page 1\">\n<div class=\"layoutArea\">\n<div class=\"column\">\n<p style=\"text-align: left;\"><img loading=\"lazy\" decoding=\"async\" class=\"alignleft wp-image-3309\" src=\"https:\/\/old.zdravlje.co.rs\/wp-content\/uploads\/2021\/06\/ZelEPS-Nis-25-06-2021-640x311.jpg\" alt=\"\" width=\"540\" height=\"262\" srcset=\"https:\/\/old.zdravlje.co.rs\/wp-content\/uploads\/2021\/06\/ZelEPS-Nis-25-06-2021-640x311.jpg 640w, https:\/\/old.zdravlje.co.rs\/wp-content\/uploads\/2021\/06\/ZelEPS-Nis-25-06-2021-1280x622.jpg 1280w, https:\/\/old.zdravlje.co.rs\/wp-content\/uploads\/2021\/06\/ZelEPS-Nis-25-06-2021-1024x497.jpg 1024w, https:\/\/old.zdravlje.co.rs\/wp-content\/uploads\/2021\/06\/ZelEPS-Nis-25-06-2021-1536x746.jpg 1536w, https:\/\/old.zdravlje.co.rs\/wp-content\/uploads\/2021\/06\/ZelEPS-Nis-25-06-2021-320x155.jpg 320w, https:\/\/old.zdravlje.co.rs\/wp-content\/uploads\/2021\/06\/ZelEPS-Nis-25-06-2021.jpg 1600w\" sizes=\"auto, (max-width: 540px) 100vw, 540px\" \/><\/p>\n<p>Zdravlje AD Leskovac je me\u0111u prvim velikim kompanijama u Srbiji svoju posve\u0107enost za\u0161titi \u017eivotne sredine, zdravlju, bezbednosti i odr\u017eivom razvoju prakti\u010dno potvrdila i kroz u\u010de\u0161\u0107e i podr\u0161ku aktivnostima koje idu u korak sa zajedni\u010dkim naporima savremenog odgovornog dru\u0161tva.<\/p>\n<p>\u201eZdravlje nastavlja da posluje kao dru\u0161tveno i ekolo\u0161ki odgovorna kompanija i kao jedan od vode\u0107ih potro\u0161a\u010da zelene energije u Srbiji\u201c, rekao je Neboj\u0161a Kosti\u0107, direktor Sektora in\u017eenjeringa, isti\u010du\u0107i posve\u0107enost Zdravlja\u00a0 izgradnji \u010distije \u017eivotne sredine, odr\u017eivog razvoja i unapre\u0111enja kvalitet \u017eivota u zajednici u kojoj posluje.<\/p>\n<\/div>\n<\/div>\n<\/div>\n<div class=\"page\" title=\"Page 1\">\n<div class=\"layoutArea\">\n<div class=\"column\">\n<p><img loading=\"lazy\" decoding=\"async\" class=\"alignright wp-image-3311\" src=\"https:\/\/old.zdravlje.co.rs\/wp-content\/uploads\/2021\/06\/ZelEPS-Nis-25-06-2021-2-640x278.jpg\" alt=\"\" width=\"540\" height=\"235\" srcset=\"https:\/\/old.zdravlje.co.rs\/wp-content\/uploads\/2021\/06\/ZelEPS-Nis-25-06-2021-2-640x278.jpg 640w, https:\/\/old.zdravlje.co.rs\/wp-content\/uploads\/2021\/06\/ZelEPS-Nis-25-06-2021-2-1024x445.jpg 1024w, https:\/\/old.zdravlje.co.rs\/wp-content\/uploads\/2021\/06\/ZelEPS-Nis-25-06-2021-2-320x139.jpg 320w, https:\/\/old.zdravlje.co.rs\/wp-content\/uploads\/2021\/06\/ZelEPS-Nis-25-06-2021-2.jpg 1200w\" sizes=\"auto, (max-width: 540px) 100vw, 540px\" \/><\/p>\n<\/div>\n<p>U cilju pru\u017eanja podr\u0161ke za dalje \u0161irenje ekolo\u0161ke svesti i uklju\u010divanja u ovaj dru\u0161tveno odgovoran poduhvat, Neboj\u0161a Kosti\u0107, direktor In\u017eenjeringa predstavljao je Zdravlje AD Leskovac na EPS-ovoj tribini \u201eZelena energija Elektroprivrede Srbije &#8211; u korak sa svetom\u201c\u00a0 na kojoj je krajem juna ove godine program \u201eZELEPS\u201c predstavljen i potencijalnim novim korisnicima sa podru\u010dja Ni\u0161a.<\/p>\n<\/div>\n<\/div>\n<p>&nbsp;<\/p>\n","protected":false},"excerpt":{"rendered":"<p>Zdravlje AD Leskovac je me\u0111u prvim velikim kompanijama u Srbiji svoju posve\u0107enost za\u0161titi \u017eivotne sredine, zdravlju, bezbednosti i odr\u017eivom razvoju prakti\u010dno potvrdila i kroz u\u010de\u0161\u0107e i podr\u0161ku aktivnostima koje idu u korak sa zajedni\u010dkim naporima savremenog odgovornog dru\u0161tva.<\/p>\n","protected":false},"author":1,"featured_media":5244,"comment_status":"closed","ping_status":"closed","sticky":false,"template":"","format":"standard","meta":{"footnotes":""},"categories":[50],"tags":[],"class_list":["post-5558","post","type-post","status-publish","format-standard","has-post-thumbnail","hentry","category-vesti"],"_links":{"self":[{"href":"https:\/\/old.zdravlje.co.rs\/sr\/wp-json\/wp\/v2\/posts\/5558","targetHints":{"allow":["GET"]}}],"collection":[{"href":"https:\/\/old.zdravlje.co.rs\/sr\/wp-json\/wp\/v2\/posts"}],"about":[{"href":"https:\/\/old.zdravlje.co.rs\/sr\/wp-json\/wp\/v2\/types\/post"}],"author":[{"embeddable":true,"href":"https:\/\/old.zdravlje.co.rs\/sr\/wp-json\/wp\/v2\/users\/1"}],"replies":[{"embeddable":true,"href":"https:\/\/old.zdravlje.co.rs\/sr\/wp-json\/wp\/v2\/comments?post=5558"}],"version-history":[{"count":0,"href":"https:\/\/old.zdravlje.co.rs\/sr\/wp-json\/wp\/v2\/posts\/5558\/revisions"}],"wp:featuredmedia":[{"embeddable":true,"href":"https:\/\/old.zdravlje.co.rs\/sr\/wp-json\/wp\/v2\/media\/5244"}],"wp:attachment":[{"href":"https:\/\/old.zdravlje.co.rs\/sr\/wp-json\/wp\/v2\/media?parent=5558"}],"wp:term":[{"taxonomy":"category","embeddable":true,"href":"https:\/\/old.zdravlje.co.rs\/sr\/wp-json\/wp\/v2\/categories?post=5558"},{"taxonomy":"post_tag","embeddable":true,"href":"https:\/\/old.zdravlje.co.rs\/sr\/wp-json\/wp\/v2\/tags?post=5558"}],"curies":[{"name":"wp","href":"https:\/\/api.w.org\/{rel}","templated":true}]}}