{"id":5646,"date":"2023-10-19T21:10:13","date_gmt":"2023-10-19T19:10:13","guid":{"rendered":"https:\/\/old.zdravlje.co.rs\/saopstenje-generalnog-direktora-povodom-biotech-future-foruma-u-beogradu\/"},"modified":"2023-11-10T13:12:35","modified_gmt":"2023-11-10T12:12:35","slug":"saopstenje-generalnog-direktora-povodom-biotech-future-foruma-u-beogradu","status":"publish","type":"post","link":"https:\/\/old.zdravlje.co.rs\/sr\/saopstenje-generalnog-direktora-povodom-biotech-future-foruma-u-beogradu\/","title":{"rendered":"Saop\u0161tenje generalnog direktora povodom Biotech Future Foruma u Beogradu"},"content":{"rendered":"<p>Ove nedelje odr\u017eava se drugi Biotech Future Forum u Beogradu, a tim povodom na\u0161 generalni direktor Kiren Naidoo isti\u010de posve\u0107enost Zdravlja izgradnji biotehnolo\u0161ke industrije u Srbiji. Kroz vredna partnerstva sa Vladom Republike Srbije, akademskom zajednicom i vode\u0107im me\u0111unarodnim partnerima, kao Frontier Biopharma i Zdravlje predvodimo biotehnolo\u0161ku industriju u regionu u klju\u010dnim oblastima kao \u0161to su vakcine nove generacije i genske terapije &#8211; proizvedene u Srbiji i sa namerom da slu\u017ee pacijentima kako lokalno, tako i u inostranstvu.<\/p>\n<p>U skladu sa ovom misijom, posve\u0107eni smo promociji Srbije kao centra za biotehnolo\u0161ku inovaciju i izvrsnost u proizvodnji. Dok napredujemo, ostajemo posve\u0107eni ovom putu transformacije i \u010dvrsto verujemo da \u0107emo stvaranjem sna\u017enog sektora biotehnologije u Srbiji doprineti zdravijoj budu\u0107nosti za sve. Ovo pokazuje na\u0161u dugoro\u010dnu posve\u0107enost napredovanju nauke i pobolj\u0161anju zdravlja i uzbu\u0111eni smo \u0161to smo na \u010delu ovih de\u0161avanja.<\/p>\n<p>Na linku ispod mo\u017eete pogledati poruku na\u0161eg generalnog direktora.<\/p>\n<p><a href=\"https:\/\/www.linkedin.com\/posts\/zdravlje_our-ceo-kiren-l-naidoo-reaffirms-our-commitment-activity-7120696797290729472-9xtE\/?utm_source=share&amp;utm_medium=member_desktop\">Video: Kiren L. Naidoo na Biotech Future Forumu u Beogradu<\/a><\/p>\n","protected":false},"excerpt":{"rendered":"<p>Ove nedelje odr\u017eava se drugi Biotech Future Forum u Beogradu, a tim povodom na\u0161 generalni direktor Kiren Naidoo isti\u010de posve\u0107enost Zdravlja izgradnji biotehnolo\u0161ke industrije u Srbiji. <\/p>\n","protected":false},"author":1,"featured_media":5645,"comment_status":"closed","ping_status":"closed","sticky":false,"template":"","format":"standard","meta":{"footnotes":""},"categories":[50],"tags":[],"class_list":["post-5646","post","type-post","status-publish","format-standard","has-post-thumbnail","hentry","category-vesti"],"_links":{"self":[{"href":"https:\/\/old.zdravlje.co.rs\/sr\/wp-json\/wp\/v2\/posts\/5646","targetHints":{"allow":["GET"]}}],"collection":[{"href":"https:\/\/old.zdravlje.co.rs\/sr\/wp-json\/wp\/v2\/posts"}],"about":[{"href":"https:\/\/old.zdravlje.co.rs\/sr\/wp-json\/wp\/v2\/types\/post"}],"author":[{"embeddable":true,"href":"https:\/\/old.zdravlje.co.rs\/sr\/wp-json\/wp\/v2\/users\/1"}],"replies":[{"embeddable":true,"href":"https:\/\/old.zdravlje.co.rs\/sr\/wp-json\/wp\/v2\/comments?post=5646"}],"version-history":[{"count":1,"href":"https:\/\/old.zdravlje.co.rs\/sr\/wp-json\/wp\/v2\/posts\/5646\/revisions"}],"predecessor-version":[{"id":5647,"href":"https:\/\/old.zdravlje.co.rs\/sr\/wp-json\/wp\/v2\/posts\/5646\/revisions\/5647"}],"wp:featuredmedia":[{"embeddable":true,"href":"https:\/\/old.zdravlje.co.rs\/sr\/wp-json\/wp\/v2\/media\/5645"}],"wp:attachment":[{"href":"https:\/\/old.zdravlje.co.rs\/sr\/wp-json\/wp\/v2\/media?parent=5646"}],"wp:term":[{"taxonomy":"category","embeddable":true,"href":"https:\/\/old.zdravlje.co.rs\/sr\/wp-json\/wp\/v2\/categories?post=5646"},{"taxonomy":"post_tag","embeddable":true,"href":"https:\/\/old.zdravlje.co.rs\/sr\/wp-json\/wp\/v2\/tags?post=5646"}],"curies":[{"name":"wp","href":"https:\/\/api.w.org\/{rel}","templated":true}]}}